{"id":1734,"date":"2019-06-01T10:50:11","date_gmt":"2019-06-01T10:50:11","guid":{"rendered":"http:\/\/www.fabrikaburgerbar.rs\/masinerija-dobrog-ukusa\/"},"modified":"2019-06-26T16:05:59","modified_gmt":"2019-06-26T16:05:59","slug":"a-jo-izek-gepezete","status":"publish","type":"post","link":"https:\/\/fabrikaburgerbar.rs\/hu\/a-jo-izek-gepezete\/","title":{"rendered":"A j\u00f3 \u00edzek g\u00e9pezete"},"content":{"rendered":"<p>[vc_row][vc_column][vc_column_text]Miel\u0151tt beleharapsz a burger\u00fcnkbe, tudnod kell a k\u00f6vetkez\u0151ket:<\/p>\n<p>A h\u00fas, ami \u00e9ppen olvadni kezdett a sz\u00e1dban 100%-os marhah\u00fas, amelyet sok \u00e9ves tapasztalatunk alapj\u00e1n k\u00e9sz\u00edt\u00fcnk.<\/p>\n<p>Neked csak azt kell eld\u00f6ntened, hogy k\u00f6zepesen vagy jobban \u00e1ts\u00fctve szereted-e?<\/p>\n<p>Az er\u0151spaprika, amely \u00e9pp elkezdte cs\u00edpni a nyelvedet, a nyugat-spanyolorsz\u00e1gi La Chinata. El\u0151sz\u00f6r sz\u00e1r\u00edtott\u00e1k, majd ut\u00e1na m\u00e9g k\u00e9t h\u00e9tig t\u00f6lgyf\u00e1n f\u00fcst\u00f6lt\u00e9k.<\/p>\n<p>A zseml\u00e9nk t\u00f6k\u00e9letes tej-vaj ar\u00e1ny\u00e1t sz\u00e1mtalan kombin\u00e1ci\u00f3 kipr\u00f3b\u00e1l\u00e1sa \u00fat\u00e1n \u00e1ll\u00edtottuk be. Ezt a t\u00f6k\u00e9letes ar\u00e1nyt akkor \u00e9rt\u00fck el, amikor az \u00f6sszetev\u0151k megtal\u00e1lt\u00e1k a pontos hely\u00fcket a burgerben.<\/p>\n<p>Eg\u00e9sz Burgundi\u00e1t a feje tetej\u00e9re \u00e1ll\u00edtottuk, hogy megtatl\u00e1ljuk a Dijon must\u00e1r k\u00edv\u00e1nt \u00edz\u00e1rnyalat\u00e1t. Hogy mi\u00e9rt? Mert \u00e9pp azt a must\u00e1rt akartuk!<\/p>\n<p>A v\u00f6r\u00f6shagym\u00e1t lass\u00fa t\u0171z\u00f6n, naggggyon sok\u00e1ig karamelliz\u00e1ljuk&#8230;<\/p>\n<p>A n\u00e1lunk tal\u00e1lhat\u00f3 5 \u00f6ntet elk\u00e9sz\u00edt\u00e9si m\u00f3dja a saj\u00e1t titkunk \u00e9s ezt a titkot f\u00e9ltve \u0151rizz\u00fck PARA SIEMPRE.<\/p>\n<p>Aj\u00e1nljuk m\u00e9g a kimaradhatatlan szint\u00e9n La Chinata paprik\u00e1b\u00f3l k\u00e9sz\u00fclt eredeti Fabrika \u00f6ntetet is!<\/p>\n<p>Azt mes\u00e9lik, hogy a legjobb jalape\u00f1-\u00f3t keverj\u00fck Pestt\u0151l, Belgr\u00e1dig.<\/p>\n<p>Az aranys\u00e1rga Cheddar sajtra, amit a sajtburgerunkra olvasztunk, egy helyi termel\u0151n\u00e9l akadtunk. Egy t\u00f6bbgener\u00e1ci\u00f3s csal\u00e1di v\u00e1llalkoz\u00e1sr\u00f3l van sz\u00f3.<\/p>\n<p>A friss sal\u00e1t\u00e1t is megb\u00edzhat\u00f3 h\u00e1zigazd\u00e1kt\u00f3l v\u00e1s\u00e1roljuk (akikkel bizony, am\u00edg az \u00fczletet besz\u00e9lt\u00fck meg, j\u00f3\u00edz\u0171eket italoztunk is) \u00e9s k\u00fcl\u00f6n \u00fcgyel\u00fcnk r\u00e1, hogy \u00e1lland\u00f3 h\u0151m\u00e9rs\u00e9kleten t\u00e1rolva a fejek sok\u00e1ig frissek \u00e9s ropog\u00f3sak maradjanak.<\/p>\n<p>A has\u00e1bburgonya is k\u00fcl\u00f6n\u00f6sen var\u00e1zslatos, nem sz\u00edvja mag\u00e1t tele olajjal, de ropog\u00f3ss\u00e1g\u00e1b\u00f3l nem enged!<\/p>\n<p>Ennyit a hardware-r\u0151l.<\/p>\n<p>A software az igazi var\u00e1zslat! A harc \u00e9s a szenved\u00e9ly kever\u00e9ke.<\/p>\n<p>A kajak\u00e9sz\u00edt\u00e9s ir\u00e1nti szenved\u00e9ly\u00e9 \u00e9s a min\u0151s\u00e9g\u00e9rt folytatott harc\u00e9.<\/p>\n<p>Mi egy csal\u00e1di csapat vagyunk. \u00c1tutaztuk a vil\u00e1got, tanulm\u00e1nyoztunk, kis\u00e9rletezt\u00fcnk \u00e9s felm\u00e9rt\u00fcnk.<\/p>\n<p>Az \u00e9tlapunk egy pik\u00e1ns utaz\u00e1s a vil\u00e1g konyham\u0171v\u00e9szet\u00e9ben; street food form\u00e1ba \u00f6ntve.<\/p>\n<p>K\u00f6nnyeinket, v\u00e9r\u00fcnket \u00e9s verejt\u00e9k\u00fcnket fektetj\u00fck a munk\u00e1nkba, \u00e9s nincs \u00e9rt\u00e9kesebb aj\u00e1nd\u00e9k sz\u00e1munkra, az \u00d6n maszatos mosoly\u00e1t\u00f3l, miut\u00e1n megk\u00f3stolta valamelyik \u00e9tel\u00fcnket.<\/p>\n<p>Az \u00f6sszes k\u00f6z\u00fcl tal\u00e1n, a legkedvesebb \u00edz\u00fcnk az \u00d6n \u00e1ltal bel\u00e9nk fektetett bizalma.<\/p>\n<p>Isten hozta min\u00e1lunk! J\u00f3 \u00e9tv\u00e1gyat![\/vc_column_text][\/vc_column][\/vc_row]<\/p>\n","protected":false},"excerpt":{"rendered":"<p>Kad so\u010dno zagrize\u0161 na\u0161 burger imaj na umu da\u2026<\/p>\n","protected":false},"author":1,"featured_media":1704,"comment_status":"closed","ping_status":"open","sticky":false,"template":"","format":"standard","meta":[],"categories":[45],"tags":[46,48,50],"yoast_head":"<!-- This site is optimized with the Yoast SEO plugin v15.4 - https:\/\/yoast.com\/wordpress\/plugins\/seo\/ -->\n<title>A j\u00f3 \u00edzek g\u00e9pezete - Fabrika Burger &amp; Pizza Bar<\/title>\n<meta name=\"description\" content=\"Miel\u0151tt beleharapsz a burger\u00fcnkbe, tudnod kell a k\u00f6vetkez\u0151ket... K\u00f6nnyeinket, v\u00e9r\u00fcnket \u00e9s verejt\u00e9k\u00fcnket fektetj\u00fck a munk\u00e1nkba, \u00e9s nincs \u00e9rt\u00e9kesebb aj\u00e1nd\u00e9k sz\u00e1munkra, az \u00d6n maszatos mosoly\u00e1t\u00f3l, miut\u00e1n megk\u00f3stolta valamelyik \u00e9tel\u00fcnket.\" \/>\n<meta name=\"robots\" content=\"index, follow, max-snippet:-1, max-image-preview:large, max-video-preview:-1\" \/>\n<link rel=\"canonical\" href=\"https:\/\/fabrikaburgerbar.rs\/hu\/a-jo-izek-gepezete\/\" \/>\n<meta property=\"og:locale\" content=\"hu_HU\" \/>\n<meta property=\"og:type\" content=\"article\" \/>\n<meta property=\"og:title\" content=\"A j\u00f3 \u00edzek g\u00e9pezete\" \/>\n<meta property=\"og:description\" content=\"Miel\u0151tt beleharapsz a burger\u00fcnkbe, tudnod kell a k\u00f6vetkez\u0151ket... K\u00f6nnyeinket, v\u00e9r\u00fcnket \u00e9s verejt\u00e9k\u00fcnket fektetj\u00fck a munk\u00e1nkba, \u00e9s nincs \u00e9rt\u00e9kesebb aj\u00e1nd\u00e9k sz\u00e1munkra, az \u00d6n maszatos mosoly\u00e1t\u00f3l, miut\u00e1n megk\u00f3stolta valamelyik \u00e9tel\u00fcnket.\" \/>\n<meta property=\"og:url\" content=\"https:\/\/fabrikaburgerbar.rs\/hu\/a-jo-izek-gepezete\/\" \/>\n<meta property=\"og:site_name\" content=\"Fabrika Burger &amp; Pizza Bar\" \/>\n<meta property=\"article:publisher\" content=\"https:\/\/www.facebook.com\/FabrikaBurgerBar\/\" \/>\n<meta property=\"article:published_time\" content=\"2019-06-01T10:50:11+00:00\" \/>\n<meta property=\"article:modified_time\" content=\"2019-06-26T16:05:59+00:00\" \/>\n<meta property=\"og:image\" content=\"https:\/\/fabrikaburgerbar.rs\/wp-content\/uploads\/2019\/06\/masinerija-dobrog-ukusa.jpg\" \/>\n\t<meta property=\"og:image:width\" content=\"1920\" \/>\n\t<meta property=\"og:image:height\" content=\"1325\" \/>\n<meta name=\"twitter:card\" content=\"summary_large_image\" \/>\n<meta name=\"twitter:label1\" content=\"Szerz\u0151:\">\n\t<meta name=\"twitter:data1\" content=\"Fabrika Burger Bar\">\n\t<meta name=\"twitter:label2\" content=\"Becs\u00fclt olvas\u00e1si id\u0151\">\n\t<meta name=\"twitter:data2\" content=\"2 perc\">\n<script type=\"application\/ld+json\" class=\"yoast-schema-graph\">{\"@context\":\"https:\/\/schema.org\",\"@graph\":[{\"@type\":\"Organization\",\"@id\":\"https:\/\/fabrikaburgerbar.rs\/en\/#organization\",\"name\":\"Fabrika Burger Bar\",\"url\":\"https:\/\/fabrikaburgerbar.rs\/en\/\",\"sameAs\":[\"https:\/\/www.facebook.com\/FabrikaBurgerBar\/\",\"https:\/\/www.instagram.com\/fabrika_burger_bar\/\"],\"logo\":{\"@type\":\"ImageObject\",\"@id\":\"https:\/\/fabrikaburgerbar.rs\/en\/#logo\",\"inLanguage\":\"hu\",\"url\":\"https:\/\/fabrikaburgerbar.rs\/wp-content\/uploads\/2019\/02\/hero-logo.png\",\"width\":500,\"height\":750,\"caption\":\"Fabrika Burger Bar\"},\"image\":{\"@id\":\"https:\/\/fabrikaburgerbar.rs\/en\/#logo\"}},{\"@type\":\"WebSite\",\"@id\":\"https:\/\/fabrikaburgerbar.rs\/en\/#website\",\"url\":\"https:\/\/fabrikaburgerbar.rs\/en\/\",\"name\":\"Fabrika Burger Bar\",\"description\":\"Fabrika Burger Bar\",\"publisher\":{\"@id\":\"https:\/\/fabrikaburgerbar.rs\/en\/#organization\"},\"potentialAction\":[{\"@type\":\"SearchAction\",\"target\":\"https:\/\/fabrikaburgerbar.rs\/en\/?s={search_term_string}\",\"query-input\":\"required name=search_term_string\"}],\"inLanguage\":\"hu\"},{\"@type\":\"ImageObject\",\"@id\":\"https:\/\/fabrikaburgerbar.rs\/hu\/a-jo-izek-gepezete\/#primaryimage\",\"inLanguage\":\"hu\",\"url\":\"https:\/\/fabrikaburgerbar.rs\/wp-content\/uploads\/2019\/06\/masinerija-dobrog-ukusa.jpg\",\"width\":1920,\"height\":1325},{\"@type\":\"WebPage\",\"@id\":\"https:\/\/fabrikaburgerbar.rs\/hu\/a-jo-izek-gepezete\/#webpage\",\"url\":\"https:\/\/fabrikaburgerbar.rs\/hu\/a-jo-izek-gepezete\/\",\"name\":\"A j\\u00f3 \\u00edzek g\\u00e9pezete - Fabrika Burger &amp; Pizza Bar\",\"isPartOf\":{\"@id\":\"https:\/\/fabrikaburgerbar.rs\/en\/#website\"},\"primaryImageOfPage\":{\"@id\":\"https:\/\/fabrikaburgerbar.rs\/hu\/a-jo-izek-gepezete\/#primaryimage\"},\"datePublished\":\"2019-06-01T10:50:11+00:00\",\"dateModified\":\"2019-06-26T16:05:59+00:00\",\"description\":\"Miel\\u0151tt beleharapsz a burger\\u00fcnkbe, tudnod kell a k\\u00f6vetkez\\u0151ket... K\\u00f6nnyeinket, v\\u00e9r\\u00fcnket \\u00e9s verejt\\u00e9k\\u00fcnket fektetj\\u00fck a munk\\u00e1nkba, \\u00e9s nincs \\u00e9rt\\u00e9kesebb aj\\u00e1nd\\u00e9k sz\\u00e1munkra, az \\u00d6n maszatos mosoly\\u00e1t\\u00f3l, miut\\u00e1n megk\\u00f3stolta valamelyik \\u00e9tel\\u00fcnket.\",\"inLanguage\":\"hu\",\"potentialAction\":[{\"@type\":\"ReadAction\",\"target\":[\"https:\/\/fabrikaburgerbar.rs\/hu\/a-jo-izek-gepezete\/\"]}]},{\"@type\":\"Article\",\"@id\":\"https:\/\/fabrikaburgerbar.rs\/hu\/a-jo-izek-gepezete\/#article\",\"isPartOf\":{\"@id\":\"https:\/\/fabrikaburgerbar.rs\/hu\/a-jo-izek-gepezete\/#webpage\"},\"author\":{\"@id\":\"https:\/\/fabrikaburgerbar.rs\/en\/#\/schema\/person\/89e74eac1cedbbcd3020a27ac33baba7\"},\"headline\":\"A j\\u00f3 \\u00edzek g\\u00e9pezete\",\"datePublished\":\"2019-06-01T10:50:11+00:00\",\"dateModified\":\"2019-06-26T16:05:59+00:00\",\"mainEntityOfPage\":{\"@id\":\"https:\/\/fabrikaburgerbar.rs\/hu\/a-jo-izek-gepezete\/#webpage\"},\"publisher\":{\"@id\":\"https:\/\/fabrikaburgerbar.rs\/en\/#organization\"},\"image\":{\"@id\":\"https:\/\/fabrikaburgerbar.rs\/hu\/a-jo-izek-gepezete\/#primaryimage\"},\"keywords\":\"100% govedina,cheeseburger,La Chinata paprika\",\"articleSection\":\"Novosti\",\"inLanguage\":\"hu\"},{\"@type\":\"Person\",\"@id\":\"https:\/\/fabrikaburgerbar.rs\/en\/#\/schema\/person\/89e74eac1cedbbcd3020a27ac33baba7\",\"name\":\"Fabrika Burger Bar\"}]}<\/script>\n<!-- \/ Yoast SEO plugin. -->","_links":{"self":[{"href":"https:\/\/fabrikaburgerbar.rs\/hu\/wp-json\/wp\/v2\/posts\/1734"}],"collection":[{"href":"https:\/\/fabrikaburgerbar.rs\/hu\/wp-json\/wp\/v2\/posts"}],"about":[{"href":"https:\/\/fabrikaburgerbar.rs\/hu\/wp-json\/wp\/v2\/types\/post"}],"author":[{"embeddable":true,"href":"https:\/\/fabrikaburgerbar.rs\/hu\/wp-json\/wp\/v2\/users\/1"}],"replies":[{"embeddable":true,"href":"https:\/\/fabrikaburgerbar.rs\/hu\/wp-json\/wp\/v2\/comments?post=1734"}],"version-history":[{"count":4,"href":"https:\/\/fabrikaburgerbar.rs\/hu\/wp-json\/wp\/v2\/posts\/1734\/revisions"}],"predecessor-version":[{"id":1743,"href":"https:\/\/fabrikaburgerbar.rs\/hu\/wp-json\/wp\/v2\/posts\/1734\/revisions\/1743"}],"wp:featuredmedia":[{"embeddable":true,"href":"https:\/\/fabrikaburgerbar.rs\/hu\/wp-json\/wp\/v2\/media\/1704"}],"wp:attachment":[{"href":"https:\/\/fabrikaburgerbar.rs\/hu\/wp-json\/wp\/v2\/media?parent=1734"}],"wp:term":[{"taxonomy":"category","embeddable":true,"href":"https:\/\/fabrikaburgerbar.rs\/hu\/wp-json\/wp\/v2\/categories?post=1734"},{"taxonomy":"post_tag","embeddable":true,"href":"https:\/\/fabrikaburgerbar.rs\/hu\/wp-json\/wp\/v2\/tags?post=1734"}],"curies":[{"name":"wp","href":"https:\/\/api.w.org\/{rel}","templated":true}]}}